{"id":231,"date":"2024-02-06T16:59:38","date_gmt":"2024-02-06T16:59:38","guid":{"rendered":"https:\/\/tendaslider.com.br\/?p=231"},"modified":"2024-02-06T16:59:38","modified_gmt":"2024-02-06T16:59:38","slug":"gradil-de-protecao-a-melhor-solucao-para","status":"publish","type":"post","link":"https:\/\/tendaslider.com.br\/index.php\/2024\/02\/06\/gradil-de-protecao-a-melhor-solucao-para\/","title":{"rendered":"Gradil de prote\u00e7\u00e3o: a melhor solu\u00e7\u00e3o para seu espa\u00e7o ao ar livre"},"content":{"rendered":"<ul class=\"toc_post_list\">\n<li>\n<h2>T\u00f3picos do artigo<\/h2>\n<ul>\n<li><a href=\"#gradil-de-protecao-a-melhor-solucao-para-seu-espaco-ao-ar-livre-aLOGrhOoxJ\">Gradil de prote\u00e7\u00e3o: a melhor solu\u00e7\u00e3o para seu espa\u00e7o ao ar livre<\/a><\/li>\n<li><a href=\"#seguranca-em-primeiro-lugar-aLOGrhOoxJ\">Seguran\u00e7a em primeiro lugar<\/a><\/li>\n<li><a href=\"#delimitacao-de-espacos-aLOGrhOoxJ\">Delimita\u00e7\u00e3o de espa\u00e7os<\/a><\/li>\n<li><a href=\"#variedade-de-modelos-e-materiais-aLOGrhOoxJ\">Variedade de modelos e materiais<\/a><\/li>\n<li><a href=\"#instalacao-e-manutencao-aLOGrhOoxJ\">Instala\u00e7\u00e3o e manuten\u00e7\u00e3o<\/a><\/li>\n<li><a href=\"#conclusao-aLOGrhOoxJ\">Conclus\u00e3o<\/a><\/li>\n<\/ul>\n<\/li>\n<\/ul>\n<p>O Gradil de prote\u00e7\u00e3o \u00e9 a melhor solu\u00e7\u00e3o para garantir a seguran\u00e7a do seu espa\u00e7o ao ar livre. Proteja sua \u00e1rea com um gradil resistente e dur\u00e1vel. Entre em contato conosco agora mesmo pelo WhatsApp para obter mais informa\u00e7\u00f5es e solicitar um or\u00e7amento: [Clique aqui](https:\/\/api.whatsapp.com\/send\/?phone=5519995593991).<\/p>\n<h1 id=\"gradil-de-protecao-a-melhor-solucao-para-seu-espaco-ao-ar-livre-aLOGrhOoxJ\">Gradil de prote\u00e7\u00e3o: a melhor solu\u00e7\u00e3o para seu espa\u00e7o ao ar livre<\/h1>\n<p>O gradil de prote\u00e7\u00e3o \u00e9 uma solu\u00e7\u00e3o eficiente e vers\u00e1til para garantir a seguran\u00e7a e delimita\u00e7\u00e3o de espa\u00e7os ao ar livre. Seja em resid\u00eancias, condom\u00ednios, parques ou \u00e1reas comerciais, o gradil oferece uma s\u00e9rie de benef\u00edcios que o tornam a escolha ideal para proteger seu espa\u00e7o.<\/p>\n<p><img loading=\"lazy\" decoding=\"async\" class=\"alignnone size-medium wp-image-234\" src=\"https:\/\/tendaslider.com.br\/wp-content\/uploads\/2024\/02\/04-04-2024-tendas-lider-300x300.jpg\" alt=\"\" width=\"300\" height=\"300\" srcset=\"https:\/\/tendaslider.com.br\/wp-content\/uploads\/2024\/02\/04-04-2024-tendas-lider-300x300.jpg 300w, https:\/\/tendaslider.com.br\/wp-content\/uploads\/2024\/02\/04-04-2024-tendas-lider-1024x1024.jpg 1024w, https:\/\/tendaslider.com.br\/wp-content\/uploads\/2024\/02\/04-04-2024-tendas-lider-150x150.jpg 150w, https:\/\/tendaslider.com.br\/wp-content\/uploads\/2024\/02\/04-04-2024-tendas-lider-768x768.jpg 768w, https:\/\/tendaslider.com.br\/wp-content\/uploads\/2024\/02\/04-04-2024-tendas-lider.jpg 1080w\" sizes=\"(max-width: 300px) 100vw, 300px\" \/><\/p>\n<h2 id=\"seguranca-em-primeiro-lugar-aLOGrhOoxJ\">Seguran\u00e7a em primeiro lugar<\/h2>\n<p>A seguran\u00e7a \u00e9 uma preocupa\u00e7\u00e3o constante em qualquer ambiente, principalmente quando se trata de espa\u00e7os ao ar livre. O gradil de prote\u00e7\u00e3o \u00e9 uma barreira f\u00edsica que impede o acesso n\u00e3o autorizado, garantindo a seguran\u00e7a de pessoas e propriedades.<\/p>\n<p>Com sua estrutura resistente e dur\u00e1vel, o gradil \u00e9 capaz de suportar impactos e resistir a tentativas de invas\u00e3o. Al\u00e9m disso, sua altura e design impedem que crian\u00e7as pequenas ou animais de estima\u00e7\u00e3o escapem para \u00e1reas perigosas, como ruas movimentadas.<\/p>\n<p>Um exemplo de efici\u00eancia do gradil de prote\u00e7\u00e3o \u00e9 o caso do Parque do Ibirapuera, em S\u00e3o Paulo. Ap\u00f3s a instala\u00e7\u00e3o de gradis ao redor do parque, houve uma redu\u00e7\u00e3o significativa de ocorr\u00eancias de furtos e invas\u00f5es, proporcionando maior tranquilidade aos frequentadores.<\/p>\n<h2 id=\"delimitacao-de-espacos-aLOGrhOoxJ\">Delimita\u00e7\u00e3o de espa\u00e7os<\/h2>\n<p>Al\u00e9m de garantir a seguran\u00e7a, o gradil de prote\u00e7\u00e3o tamb\u00e9m \u00e9 uma excelente op\u00e7\u00e3o para delimitar espa\u00e7os ao ar livre. Seja para separar \u00e1reas de lazer, jardins ou estacionamentos, o gradil oferece uma divis\u00e3o clara e esteticamente agrad\u00e1vel.<\/p>\n<p>Em condom\u00ednios, por exemplo, o gradil pode ser utilizado para separar a \u00e1rea de recrea\u00e7\u00e3o infantil da \u00e1rea de conviv\u00eancia dos adultos. Isso proporciona maior organiza\u00e7\u00e3o e evita conflitos entre os moradores.<\/p>\n<p>Outro exemplo \u00e9 o uso do gradil em estacionamentos. Com sua estrutura resistente, ele delimita as vagas de forma eficiente, evitando que ve\u00edculos invadam espa\u00e7os destinados a pedestres ou \u00e1reas de circula\u00e7\u00e3o.<\/p>\n<h2 id=\"variedade-de-modelos-e-materiais-aLOGrhOoxJ\">Variedade de modelos e materiais<\/h2>\n<p>O gradil de prote\u00e7\u00e3o est\u00e1 dispon\u00edvel em uma ampla variedade de modelos e materiais, o que permite escolher a op\u00e7\u00e3o mais adequada para cada necessidade. Os modelos mais comuns s\u00e3o:<\/p>\n<ul>\n<li>Gradil de a\u00e7o galvanizado: resistente \u00e0 corros\u00e3o e dur\u00e1vel;<\/li>\n<li>Gradil de alum\u00ednio: leve e de f\u00e1cil instala\u00e7\u00e3o;<\/li>\n<li>Gradil de ferro: robusto e de alta resist\u00eancia;<\/li>\n<li>Gradil de PVC: resistente e de baixa manuten\u00e7\u00e3o.<\/li>\n<\/ul>\n<p>Essa diversidade de materiais permite que o gradil se adapte perfeitamente ao estilo arquitet\u00f4nico do local, garantindo uma harmonia visual com o ambiente.<\/p>\n<h2 id=\"instalacao-e-manutencao-aLOGrhOoxJ\">Instala\u00e7\u00e3o e manuten\u00e7\u00e3o<\/h2>\n<p>A instala\u00e7\u00e3o do gradil de prote\u00e7\u00e3o \u00e9 simples e r\u00e1pida, podendo ser realizada por profissionais especializados. \u00c9 importante seguir as instru\u00e7\u00f5es do fabricante para garantir a correta fixa\u00e7\u00e3o e estabilidade da estrutura.<\/p>\n<p>Quanto \u00e0 manuten\u00e7\u00e3o, o gradil \u00e9 um material de baixa necessidade de cuidados. A limpeza peri\u00f3dica com \u00e1gua e sab\u00e3o neutro \u00e9 suficiente para manter sua apar\u00eancia e durabilidade. Caso ocorra algum dano, \u00e9 poss\u00edvel substituir apenas a parte afetada, sem a necessidade de trocar todo o gradil.<\/p>\n<h2 id=\"conclusao-aLOGrhOoxJ\">Conclus\u00e3o<\/h2>\n<p>O gradil de prote\u00e7\u00e3o \u00e9 a melhor solu\u00e7\u00e3o para garantir a seguran\u00e7a e delimita\u00e7\u00e3o de espa\u00e7os ao ar livre. Sua resist\u00eancia, versatilidade e variedade de modelos tornam-no uma escolha eficiente e esteticamente agrad\u00e1vel.<\/p>\n<p>Seja para proteger uma resid\u00eancia, condom\u00ednio, parque ou \u00e1rea comercial, o gradil oferece a tranquilidade necess\u00e1ria para desfrutar de espa\u00e7os ao ar livre com seguran\u00e7a. Invista em um gradil de qualidade e desfrute dos benef\u00edcios que ele proporciona.<\/p>\n<p><em>Artigo Feito por Redesocialpro<\/em><\/p>\n<p><a href=\"https:\/\/www.instagram.com\/tendas.lider\/\">Instagram<\/a><\/p>\n<p><a href=\"https:\/\/tendaslider.com.br\/index.php\/produtos\/\">Conhe\u00e7a nossos Produtos<\/a><\/p>\n<p><a href=\"https:\/\/rebrand.ly\/redesocialpro\">Redesocialpro<\/a><\/p>\n","protected":false},"excerpt":{"rendered":"<p>T\u00f3picos do artigo Gradil de prote\u00e7\u00e3o: a melhor solu\u00e7\u00e3o para seu espa\u00e7o ao ar livre Seguran\u00e7a em primeiro lugar Delimita\u00e7\u00e3o de espa\u00e7os Variedade de modelos e materiais Instala\u00e7\u00e3o e manuten\u00e7\u00e3o Conclus\u00e3o O Gradil de prote\u00e7\u00e3o \u00e9 a melhor solu\u00e7\u00e3o para garantir a seguran\u00e7a do seu espa\u00e7o ao ar livre. Proteja sua \u00e1rea com um gradil [&#8230;]\n","protected":false},"author":1,"featured_media":235,"comment_status":"open","ping_status":"open","sticky":false,"template":"","format":"standard","meta":{"footnotes":""},"categories":[1],"tags":[],"_links":{"self":[{"href":"https:\/\/tendaslider.com.br\/index.php\/wp-json\/wp\/v2\/posts\/231"}],"collection":[{"href":"https:\/\/tendaslider.com.br\/index.php\/wp-json\/wp\/v2\/posts"}],"about":[{"href":"https:\/\/tendaslider.com.br\/index.php\/wp-json\/wp\/v2\/types\/post"}],"author":[{"embeddable":true,"href":"https:\/\/tendaslider.com.br\/index.php\/wp-json\/wp\/v2\/users\/1"}],"replies":[{"embeddable":true,"href":"https:\/\/tendaslider.com.br\/index.php\/wp-json\/wp\/v2\/comments?post=231"}],"version-history":[{"count":2,"href":"https:\/\/tendaslider.com.br\/index.php\/wp-json\/wp\/v2\/posts\/231\/revisions"}],"predecessor-version":[{"id":236,"href":"https:\/\/tendaslider.com.br\/index.php\/wp-json\/wp\/v2\/posts\/231\/revisions\/236"}],"wp:featuredmedia":[{"embeddable":true,"href":"https:\/\/tendaslider.com.br\/index.php\/wp-json\/wp\/v2\/media\/235"}],"wp:attachment":[{"href":"https:\/\/tendaslider.com.br\/index.php\/wp-json\/wp\/v2\/media?parent=231"}],"wp:term":[{"taxonomy":"category","embeddable":true,"href":"https:\/\/tendaslider.com.br\/index.php\/wp-json\/wp\/v2\/categories?post=231"},{"taxonomy":"post_tag","embeddable":true,"href":"https:\/\/tendaslider.com.br\/index.php\/wp-json\/wp\/v2\/tags?post=231"}],"curies":[{"name":"wp","href":"https:\/\/api.w.org\/{rel}","templated":true}]}}