{"id":222,"date":"2024-02-02T16:14:19","date_gmt":"2024-02-02T16:14:19","guid":{"rendered":"https:\/\/tendaslider.com.br\/?p=222"},"modified":"2024-02-02T16:17:50","modified_gmt":"2024-02-02T16:17:50","slug":"tendas-lider-aluguel-de-tendas-em-americana","status":"publish","type":"post","link":"https:\/\/tendaslider.com.br\/index.php\/2024\/02\/02\/tendas-lider-aluguel-de-tendas-em-americana\/","title":{"rendered":"Tendas l\u00edder: aluguel de tendas em Americana &#8211; SP"},"content":{"rendered":"<ul class=\"toc_post_list\">\n<li>\n<figure id=\"attachment_225\" aria-describedby=\"caption-attachment-225\" style=\"width: 299px\" class=\"wp-caption alignnone\"><img loading=\"lazy\" decoding=\"async\" class=\" wp-image-225\" src=\"https:\/\/tendaslider.com.br\/wp-content\/uploads\/2024\/02\/66-300x300.jpg\" alt=\"Aluguel de tendas - Americana\/SP\" width=\"299\" height=\"299\" srcset=\"https:\/\/tendaslider.com.br\/wp-content\/uploads\/2024\/02\/66-300x300.jpg 300w, https:\/\/tendaslider.com.br\/wp-content\/uploads\/2024\/02\/66-1024x1024.jpg 1024w, https:\/\/tendaslider.com.br\/wp-content\/uploads\/2024\/02\/66-150x150.jpg 150w, https:\/\/tendaslider.com.br\/wp-content\/uploads\/2024\/02\/66-768x768.jpg 768w, https:\/\/tendaslider.com.br\/wp-content\/uploads\/2024\/02\/66.jpg 1080w\" sizes=\"(max-width: 299px) 100vw, 299px\" \/><figcaption id=\"caption-attachment-225\" class=\"wp-caption-text\">Aluguel de tendas &#8211; Americana\/SP<\/figcaption><\/figure>\n<h2>T\u00f3picos do artigo<\/h2>\n<ul>\n<li><a href=\"#tendas-lider-aluguel-de-tendas-em-americana-sp-dZpsAaTXyE\">Tendas l\u00edder: aluguel de tendas em Americana &#8211; SP<\/a><\/li>\n<li><a href=\"#por-que-escolher-a-tendas-lider-dZpsAaTXyE\">Por que escolher a Tendas L\u00edder?<\/a><\/li>\n<li><a href=\"#produtos-oferecidos-dZpsAaTXyE\">Produtos oferecidos<\/a><\/li>\n<li><a href=\"#case-de-sucesso-dZpsAaTXyE\">Case de sucesso<\/a><\/li>\n<li><a href=\"#contato-dZpsAaTXyE\">Contato<\/a><\/li>\n<li><a href=\"#artigo-feito-por-redesocialpro-dZpsAaTXyE\">Artigo Feito por Redesocialpro<\/a><\/li>\n<\/ul>\n<\/li>\n<\/ul>\n<p>&nbsp;<\/p>\n<p>Alugue tendas l\u00edder em Americana &#8211; SP agora mesmo! Clique aqui para entrar em contato: <a href=\"https:\/\/api.whatsapp.com\/send\/?phone=5519995593991\">https:\/\/api.whatsapp.com\/send\/?phone=5519995593991<\/a>.<\/p>\n<h1 id=\"tendas-lider-aluguel-de-tendas-em-americana-sp-dZpsAaTXyE\">Tendas l\u00edder: aluguel de tendas em Americana &#8211; SP<\/h1>\n<p>As tendas s\u00e3o estruturas vers\u00e1teis e funcionais que podem ser utilizadas em uma variedade de eventos, desde festas e casamentos at\u00e9 feiras e exposi\u00e7\u00f5es. Em Americana &#8211; SP, uma empresa se destaca no ramo de aluguel de tendas: a Tendas L\u00edder.<\/p>\n<h2 id=\"por-que-escolher-a-tendas-lider-dZpsAaTXyE\">Por que escolher a Tendas L\u00edder?<\/h2>\n<p>A Tendas L\u00edder \u00e9 uma empresa com vasta experi\u00eancia no mercado de aluguel de tendas em Americana &#8211; SP. Com uma equipe altamente qualificada e um amplo cat\u00e1logo de produtos, a empresa oferece solu\u00e7\u00f5es personalizadas para cada tipo de evento.<\/p>\n<p>Al\u00e9m disso, a Tendas L\u00edder se destaca por sua qualidade e comprometimento com o cliente. Todas as tendas s\u00e3o fabricadas com materiais de alta qualidade, garantindo durabilidade e resist\u00eancia. A empresa tamb\u00e9m oferece servi\u00e7os de montagem e desmontagem, proporcionando praticidade e comodidade aos seus clientes.<\/p>\n<h2 id=\"produtos-oferecidos-dZpsAaTXyE\">Produtos oferecidos<\/h2>\n<p>A Tendas L\u00edder oferece uma ampla variedade de produtos para atender \u00e0s necessidades de cada evento. Entre os principais produtos oferecidos est\u00e3o:<\/p>\n<ul>\n<li>Tendas piramidais: ideais para eventos ao ar livre, as tendas piramidais s\u00e3o pr\u00e1ticas e vers\u00e1teis.<\/li>\n<li>Tendas sanfonadas: perfeitas para eventos itinerantes, as tendas sanfonadas s\u00e3o f\u00e1ceis de montar e desmontar.<\/li>\n<li>Tendas tensionadas: conhecidas por sua eleg\u00e2ncia e sofistica\u00e7\u00e3o, as tendas tensionadas s\u00e3o ideais para eventos de grande porte.<\/li>\n<li>Tendas galp\u00e3o: indicadas para eventos que necessitam de um espa\u00e7o amplo e coberto, as tendas galp\u00e3o s\u00e3o ideais para feiras e exposi\u00e7\u00f5es.<\/li>\n<\/ul>\n<p>Al\u00e9m das tendas, a Tendas L\u00edder tamb\u00e9m oferece outros produtos complementares, como pisos, ilumina\u00e7\u00e3o e mobili\u00e1rio, garantindo que seu evento seja um sucesso em todos os aspectos.<\/p>\n<h2 id=\"case-de-sucesso-dZpsAaTXyE\">Case de sucesso<\/h2>\n<p>Um exemplo de sucesso da Tendas L\u00edder \u00e9 o evento &#8220;Feira de Neg\u00f3cios de Americana&#8221;. A empresa foi respons\u00e1vel por fornecer todas as tendas e estruturas necess\u00e1rias para o evento, que contou com a participa\u00e7\u00e3o de mais de 100 expositores e atraiu milhares de visitantes.<\/p>\n<p>A qualidade das tendas e o profissionalismo da equipe da Tendas L\u00edder foram fundamentais para o sucesso da feira, proporcionando um ambiente seguro e confort\u00e1vel para expositores e visitantes.<\/p>\n<h2 id=\"contato-dZpsAaTXyE\">Contato<\/h2>\n<p>Para conhecer mais sobre os produtos e servi\u00e7os oferecidos pela Tendas L\u00edder, voc\u00ea pode visitar o <a href=\"https:\/\/tendaslider.com.br\/index.php\/produtos\/\">site oficial<\/a> da empresa. Al\u00e9m disso, voc\u00ea pode acompanhar as novidades e projetos da Tendas L\u00edder atrav\u00e9s do <a href=\"https:\/\/www.instagram.com\/tendas.lider\/\">Instagram<\/a>.<\/p>\n<p>Se voc\u00ea est\u00e1 em Americana &#8211; SP e precisa de tendas para o seu pr\u00f3ximo evento, n\u00e3o deixe de entrar em contato com a Tendas L\u00edder. A empresa est\u00e1 pronta para oferecer solu\u00e7\u00f5es personalizadas e garantir o sucesso do seu evento.<\/p>\n<h2 id=\"artigo-feito-por-redesocialpro-dZpsAaTXyE\">Artigo Feito por Redesocialpro<\/h2>\n<p>Este artigo foi produzido por <a href=\"https:\/\/rebrand.ly\/redesocialpro\">Redesocialpro<\/a>, uma ag\u00eancia especializada em marketing digital e produ\u00e7\u00e3o de conte\u00fado.<\/p>\n","protected":false},"excerpt":{"rendered":"<p>T\u00f3picos do artigo Tendas l\u00edder: aluguel de tendas em Americana &#8211; SP Por que escolher a Tendas L\u00edder? Produtos oferecidos Case de sucesso Contato Artigo Feito por Redesocialpro &nbsp; Alugue tendas l\u00edder em Americana &#8211; SP agora mesmo! Clique aqui para entrar em contato: https:\/\/api.whatsapp.com\/send\/?phone=5519995593991. Tendas l\u00edder: aluguel de tendas em Americana &#8211; SP As [&#8230;]\n","protected":false},"author":1,"featured_media":226,"comment_status":"open","ping_status":"open","sticky":false,"template":"","format":"standard","meta":{"footnotes":""},"categories":[6],"tags":[],"_links":{"self":[{"href":"https:\/\/tendaslider.com.br\/index.php\/wp-json\/wp\/v2\/posts\/222"}],"collection":[{"href":"https:\/\/tendaslider.com.br\/index.php\/wp-json\/wp\/v2\/posts"}],"about":[{"href":"https:\/\/tendaslider.com.br\/index.php\/wp-json\/wp\/v2\/types\/post"}],"author":[{"embeddable":true,"href":"https:\/\/tendaslider.com.br\/index.php\/wp-json\/wp\/v2\/users\/1"}],"replies":[{"embeddable":true,"href":"https:\/\/tendaslider.com.br\/index.php\/wp-json\/wp\/v2\/comments?post=222"}],"version-history":[{"count":4,"href":"https:\/\/tendaslider.com.br\/index.php\/wp-json\/wp\/v2\/posts\/222\/revisions"}],"predecessor-version":[{"id":229,"href":"https:\/\/tendaslider.com.br\/index.php\/wp-json\/wp\/v2\/posts\/222\/revisions\/229"}],"wp:featuredmedia":[{"embeddable":true,"href":"https:\/\/tendaslider.com.br\/index.php\/wp-json\/wp\/v2\/media\/226"}],"wp:attachment":[{"href":"https:\/\/tendaslider.com.br\/index.php\/wp-json\/wp\/v2\/media?parent=222"}],"wp:term":[{"taxonomy":"category","embeddable":true,"href":"https:\/\/tendaslider.com.br\/index.php\/wp-json\/wp\/v2\/categories?post=222"},{"taxonomy":"post_tag","embeddable":true,"href":"https:\/\/tendaslider.com.br\/index.php\/wp-json\/wp\/v2\/tags?post=222"}],"curies":[{"name":"wp","href":"https:\/\/api.w.org\/{rel}","templated":true}]}}